[{"@context":"https:\/\/schema.org\/","@type":"Article","@id":"https:\/\/www.canstroy.cz\/mlade-rodiny-na-vesnici-nebo-do-mesta\/#Article","mainEntityOfPage":"https:\/\/www.canstroy.cz\/mlade-rodiny-na-vesnici-nebo-do-mesta\/","headline":"Mlad\u00e9 rodiny na vesnici nebo do m\u011bsta?","name":"Mlad\u00e9 rodiny na vesnici nebo do m\u011bsta?","description":"Je to v\u011b\u010dn\u00e9 t\u00e9ma. Je lep\u0161\u00ed \u017e\u00edt na vesnici stranou od ruchu m\u011bsta? Nebo je snad lep\u0161\u00ed \u017e\u00edt ve m\u011bst\u011b bl\u00edzko v\u0161eho d\u011bn\u00ed? Klady i [&hellip;]","datePublished":"2023-06-14","dateModified":"2023-06-14","author":{"@type":"Person","@id":"https:\/\/www.canstroy.cz\/author\/#Person","name":"","url":"https:\/\/www.canstroy.cz\/author\/","identifier":1,"image":{"@type":"ImageObject","@id":"https:\/\/secure.gravatar.com\/avatar\/fb50772173929303fbe6024f179e4dd9837c71f6efc661bdb046860d442d05b5?s=96&d=mm&r=g","url":"https:\/\/secure.gravatar.com\/avatar\/fb50772173929303fbe6024f179e4dd9837c71f6efc661bdb046860d442d05b5?s=96&d=mm&r=g","height":96,"width":96}},"publisher":{"@type":"Organization","name":"canstroy.cz","logo":{"@type":"ImageObject","@id":"\/logo.png","url":"\/logo.png","width":600,"height":60}},"image":{"@type":"ImageObject","@id":"https:\/\/www.canstroy.cz\/wp-content\/uploads\/img_a330675_w1718_t1543155209.jpg","url":"https:\/\/www.canstroy.cz\/wp-content\/uploads\/img_a330675_w1718_t1543155209.jpg","height":0,"width":0},"url":"https:\/\/www.canstroy.cz\/mlade-rodiny-na-vesnici-nebo-do-mesta\/","wordCount":460,"articleBody":"Je to v\u011b\u010dn\u00e9 t\u00e9ma. Je lep\u0161\u00ed \u017e\u00edt na vesnici stranou od ruchu m\u011bsta? Nebo je snad lep\u0161\u00ed \u017e\u00edt ve m\u011bst\u011b bl\u00edzko v\u0161eho d\u011bn\u00ed?Klady i z\u00e1pory najdeme u obou \u017eivotn\u00edch styl\u016f. Pro ka\u017ed\u00e9ho maj\u00ed jinou v\u00e1hu.Shr\u0148me si positiva a negativa \u017eivota na vesnici versus \u017eivota ve m\u011bst\u011b. Zam\u011b\u0159me se p\u0159itom na rodiny s\u00a0mal\u00fdmi d\u011btmi.Pro\u010d se usadit s\u00a0d\u011btmi na vesnici:&#8211;\u00a0\u00a0\u00a0\u00a0\u00a0\u00a0\u00a0\u00a0\u00a0 Trh nemovitost\u00ed je ne\u00faprosn\u00fd. I tady plat\u00ed, \u017ee popt\u00e1vka stanovuje cenu. A popt\u00e1vka po nemovitostech na venkov\u011b je v\u011bt\u0161inou ni\u017e\u0161\u00ed ne\u017e po nemovitostech ve m\u011bstech. N\u011bkomu tedy nezb\u00fdv\u00e1 nic jin\u00e9ho ne\u017e volit \u017eivot na vesnici kv\u016fli ni\u017e\u0161\u00edm po\u0159izovac\u00edm n\u00e1klad\u016fm stavby.&#8211;\u00a0\u00a0\u00a0\u00a0\u00a0\u00a0\u00a0\u00a0\u00a0 D\u016fle\u017eit\u00fdm faktorem je lidsk\u00e9 zdrav\u00ed. Lid\u00ed trp\u00edc\u00ed alergiemi a astmatem budou cht\u00edt uchr\u00e1nit sv\u00e9 d\u011bti a u realitek budou koukat po m\u00edstech s\u00a0\u010dist\u0161\u00edm vzduchem. Co\u017e centrum m\u011bst nenab\u00edz\u00ed.\u00a0&#8211;\u00a0\u00a0\u00a0\u00a0\u00a0\u00a0\u00a0\u00a0\u00a0 Na venkov\u011b je k\u00a0dispozici v\u011bt\u0161\u00ed venkovn\u00ed prostor. Zahrada je z\u00e1kladem d\u011btsk\u00e9ho sv\u011bta. M\u00e1lokter\u00e9 d\u00edt\u011b dnes o\u017eel\u00ed skluzavku nebo trampol\u00ednu.&#8211;\u00a0\u00a0\u00a0\u00a0\u00a0\u00a0\u00a0\u00a0\u00a0 Proch\u00e1zka s\u00a0d\u011btmi nemus\u00ed b\u00fdt stezkou odvahy, kdy \u010d\u00edh\u00e1te, kde se vy\u0159\u00edt\u00ed auto. A pokud n\u011bjak\u00fd soused jezd\u00ed svi\u017en\u011bji, v\u00edte v\u00a0kolik jezd\u00ed z\u00a0pr\u00e1ce, a tak v\u00edte, kdy d\u00e1vat bacha na bezpe\u010d\u00ed Va\u0161\u00ed ratolesti.&#8211;\u00a0\u00a0\u00a0\u00a0\u00a0\u00a0\u00a0\u00a0\u00a0 Bezpe\u010dn\u011bj\u0161\u00ed nejsou jenom cesty n\u00fdbr\u017e obecn\u011b plat\u00ed, \u017ee na venkov\u011b je ni\u017e\u0161\u00ed kriminalita.Pro\u010d se zabydlet ve v\u011bt\u0161\u00ed civilizaci:&#8211;\u00a0\u00a0\u00a0\u00a0\u00a0\u00a0\u00a0\u00a0\u00a0 Rodi\u010de si v\u011bt\u0161inou p\u0159ej\u00ed, aby jejich d\u011bti byly obklopeny dal\u0161\u00edmi d\u011btmi, se kter\u00fdmi budou tr\u00e1vit \u010das. M\u00edsto pov\u00edd\u00e1n\u00ed si s\u00a0dosp\u011bl\u00fdmi. M\u011bsto nab\u00edz\u00ed nep\u0159ebern\u00e9 mno\u017estv\u00ed mo\u017enost\u00ed d\u011btsk\u00fdch setk\u00e1n\u00ed. Od d\u011btsk\u00fdch h\u0159i\u0161\u0165 po nejr\u016fzn\u011bj\u0161\u00ed d\u011btsk\u00e1 centra.&#8211;\u00a0\u00a0\u00a0\u00a0\u00a0\u00a0\u00a0\u00a0\u00a0 Domovy d\u011bt\u00ed a ml\u00e1de\u017ee jsou zdrojem rozvoje d\u011btsk\u00fdch talent\u016f. Nab\u00eddka krou\u017ek\u016f je r\u016fznorod\u00e1. Ma\u017eoretky, lukost\u0159elba i v\u010dela\u0159stv\u00ed.&#8211;\u00a0\u00a0\u00a0\u00a0\u00a0\u00a0\u00a0\u00a0\u00a0 Hust\u0161\u00ed s\u00ed\u0165 \u0161kolek i \u0161kol otev\u00edr\u00e1 dve\u0159e v\u00fdb\u011bru vzd\u011bl\u00e1n\u00ed od d\u011btsk\u00fdch let.\u00a0Ka\u017ed\u00fd najde svou \u017eivotn\u00ed cestu podle sebe. \u010casto vyb\u00edr\u00e1me podle stylu, na kter\u00fd jsme zvykl\u00ed z\u00a0d\u011btstv\u00ed. Kdo vyr\u016fstal na d\u011bdin\u011b, r\u00e1d stranou z\u016fst\u00e1v\u00e1 i v\u00a0budoucnu se svou rodinou. Naopak kdo byl v\u017edy obklopen tramvajemi a dostupn\u00fdmi obchody, nep\u0159ech\u00e1z\u00ed v\u011bt\u0161inou do m\u00edst, kde se st\u00e1v\u00e1 z\u00e1visl\u00fdm na vlastn\u011bn\u00ed automobilu.                                                                                                                                                                                                                                                                                                                                                                                        3.4\/5 - (7 votes)        "},{"@context":"https:\/\/schema.org\/","@type":"BreadcrumbList","itemListElement":[{"@type":"ListItem","position":1,"name":"Mlad\u00e9 rodiny na vesnici nebo do m\u011bsta?","item":"https:\/\/www.canstroy.cz\/mlade-rodiny-na-vesnici-nebo-do-mesta\/#breadcrumbitem"}]}]